{"id":11985,"date":"2023-03-15T11:33:47","date_gmt":"2023-03-15T10:33:47","guid":{"rendered":"https:\/\/azv.be\/non-classifiee\/nele-ambassadeur\/"},"modified":"2024-04-04T12:09:29","modified_gmt":"2024-04-04T11:09:29","slug":"nele-ambassadrice","status":"publish","type":"post","link":"https:\/\/azv.be\/fr\/actualite\/nele-ambassadrice\/","title":{"rendered":"Nele Vangheluwe: ambassadrice de c\u0153ur et d&rsquo;\u00e2me"},"content":{"rendered":"<h5>Presque tous ceux qui croisent le chemin de <a href=\"https:\/\/azv.be\/fr\/histoires\/le-dr-nele-vangheluwe-participe-depuis-15-ans-a-des-missions-dans-tous-les-pays-partenaires-de-medecins-sans-vacances\/\" target=\"_blank\" rel=\"noopener\">Nele<\/a> entendent des histoires passionnantes sur les missions en RD Congo, au Burundi, au B\u00e9nin et au Rwanda qu&rsquo;elle a d\u00e9j\u00e0 \u00e0 son actif. Nele explique ci-dessous pourquoi M\u00e9decins Sans Vacances lui tient tant \u00e0 c\u0153ur et comment une contribution financi\u00e8re\u00a0 permet \u00e0 un plus grand nombre de patients de recevoir des soins de qualit\u00e9.<\/h5>\n","protected":false},"excerpt":{"rendered":"<p>L&rsquo;experte-volontaire Nele Vangheluwe est m\u00e9decin urgentiste \u00e0 l&rsquo;h\u00f4pital Saint-Vincent de Deinze et \u00e0 l&rsquo;h\u00f4pital Henri Serums d&rsquo;Ostende. Elle a un grand c\u0153ur pour les personnes vuln\u00e9rables. C&rsquo;est pourquoi elle est volontaire pour M\u00e9decins Sans Vacances depuis 19 ans. <\/p>\n","protected":false},"author":3,"featured_media":11856,"comment_status":"open","ping_status":"open","sticky":false,"template":"","format":"standard","meta":{"_acf_changed":false,"footnotes":""},"categories":[63],"tags":[109,82,70,108,80,81,69,64],"class_list":["post-11985","post","type-post","status-publish","format-standard","has-post-thumbnail","hentry","category-actualite","tag-afrique-centrale","tag-belgie-fr","tag-belgique-fr","tag-centraal-afrika","tag-dr-congo-oost-fr","tag-dr-congo-west-fr","tag-rd-congo-est-fr","tag-rd-congo-ouest-fr"],"acf":[],"yoast_head":"<!-- This site is optimized with the Yoast SEO plugin v26.9 - https:\/\/yoast.com\/product\/yoast-seo-wordpress\/ -->\n<title>Nele Vangheluwe: ambassadrice de c\u0153ur et d&#039;\u00e2me - Artsen Zonder Vakantie<\/title>\n<meta name=\"robots\" content=\"index, follow, max-snippet:-1, max-image-preview:large, max-video-preview:-1\" \/>\n<link rel=\"canonical\" href=\"https:\/\/azv.be\/fr\/actualite\/nele-ambassadrice\/\" \/>\n<meta property=\"og:locale\" content=\"fr_FR\" \/>\n<meta property=\"og:type\" content=\"article\" \/>\n<meta property=\"og:title\" content=\"Nele Vangheluwe: ambassadrice de c\u0153ur et d&#039;\u00e2me - Artsen Zonder Vakantie\" \/>\n<meta property=\"og:description\" content=\"L&#039;experte-volontaire Nele Vangheluwe est m\u00e9decin urgentiste \u00e0 l&#039;h\u00f4pital Saint-Vincent de Deinze et \u00e0 l&#039;h\u00f4pital Henri Serums d&#039;Ostende. Elle a un grand c\u0153ur pour les personnes vuln\u00e9rables. C&#039;est pourquoi elle est volontaire pour M\u00e9decins Sans Vacances depuis 19 ans.\" \/>\n<meta property=\"og:url\" content=\"https:\/\/azv.be\/fr\/actualite\/nele-ambassadrice\/\" \/>\n<meta property=\"og:site_name\" content=\"Artsen Zonder Vakantie\" \/>\n<meta property=\"article:publisher\" content=\"https:\/\/www.facebook.com\/ArtsenZonderVakantie\/?locale=nl_NL\" \/>\n<meta property=\"article:published_time\" content=\"2023-03-15T10:33:47+00:00\" \/>\n<meta property=\"article:modified_time\" content=\"2024-04-04T11:09:29+00:00\" \/>\n<meta property=\"og:image\" content=\"https:\/\/azv.be\/wp-content\/uploads\/2023\/03\/nele-7-scaled.jpg\" \/>\n\t<meta property=\"og:image:width\" content=\"2560\" \/>\n\t<meta property=\"og:image:height\" content=\"1439\" \/>\n\t<meta property=\"og:image:type\" content=\"image\/jpeg\" \/>\n<meta name=\"author\" content=\"Alexandra Guillot\" \/>\n<meta name=\"twitter:card\" content=\"summary_large_image\" \/>\n<meta name=\"twitter:creator\" content=\"@AZV_tweets\" \/>\n<meta name=\"twitter:site\" content=\"@AZV_tweets\" \/>\n<meta name=\"twitter:label1\" content=\"\u00c9crit par\" \/>\n\t<meta name=\"twitter:data1\" content=\"Alexandra Guillot\" \/>\n<script type=\"application\/ld+json\" class=\"yoast-schema-graph\">{\"@context\":\"https:\/\/schema.org\",\"@graph\":[{\"@type\":\"Article\",\"@id\":\"https:\/\/azv.be\/fr\/actualite\/nele-ambassadrice\/#article\",\"isPartOf\":{\"@id\":\"https:\/\/azv.be\/fr\/actualite\/nele-ambassadrice\/\"},\"author\":{\"name\":\"Alexandra Guillot\",\"@id\":\"https:\/\/azv.be\/#\/schema\/person\/88e951bd2b7dca9bd075460868657254\"},\"headline\":\"Nele Vangheluwe: ambassadrice de c\u0153ur et d&rsquo;\u00e2me\",\"datePublished\":\"2023-03-15T10:33:47+00:00\",\"dateModified\":\"2024-04-04T11:09:29+00:00\",\"mainEntityOfPage\":{\"@id\":\"https:\/\/azv.be\/fr\/actualite\/nele-ambassadrice\/\"},\"wordCount\":75,\"commentCount\":0,\"publisher\":{\"@id\":\"https:\/\/azv.be\/#organization\"},\"image\":{\"@id\":\"https:\/\/azv.be\/fr\/actualite\/nele-ambassadrice\/#primaryimage\"},\"thumbnailUrl\":\"https:\/\/azv.be\/wp-content\/uploads\/2023\/03\/nele-7-scaled.jpg\",\"keywords\":[\"Afrique centrale\",\"Belgi\u00eb\",\"Belgique\",\"Centraal Afrika\",\"DR Congo Oost\",\"DR Congo West\",\"RD Congo Est\",\"RD Congo Ouest\"],\"articleSection\":[\"Actualit\u00e9\"],\"inLanguage\":\"fr-FR\",\"potentialAction\":[{\"@type\":\"CommentAction\",\"name\":\"Comment\",\"target\":[\"https:\/\/azv.be\/fr\/actualite\/nele-ambassadrice\/#respond\"]}]},{\"@type\":\"WebPage\",\"@id\":\"https:\/\/azv.be\/fr\/actualite\/nele-ambassadrice\/\",\"url\":\"https:\/\/azv.be\/fr\/actualite\/nele-ambassadrice\/\",\"name\":\"Nele Vangheluwe: ambassadrice de c\u0153ur et d'\u00e2me - Artsen Zonder Vakantie\",\"isPartOf\":{\"@id\":\"https:\/\/azv.be\/#website\"},\"primaryImageOfPage\":{\"@id\":\"https:\/\/azv.be\/fr\/actualite\/nele-ambassadrice\/#primaryimage\"},\"image\":{\"@id\":\"https:\/\/azv.be\/fr\/actualite\/nele-ambassadrice\/#primaryimage\"},\"thumbnailUrl\":\"https:\/\/azv.be\/wp-content\/uploads\/2023\/03\/nele-7-scaled.jpg\",\"datePublished\":\"2023-03-15T10:33:47+00:00\",\"dateModified\":\"2024-04-04T11:09:29+00:00\",\"breadcrumb\":{\"@id\":\"https:\/\/azv.be\/fr\/actualite\/nele-ambassadrice\/#breadcrumb\"},\"inLanguage\":\"fr-FR\",\"potentialAction\":[{\"@type\":\"ReadAction\",\"target\":[\"https:\/\/azv.be\/fr\/actualite\/nele-ambassadrice\/\"]}]},{\"@type\":\"ImageObject\",\"inLanguage\":\"fr-FR\",\"@id\":\"https:\/\/azv.be\/fr\/actualite\/nele-ambassadrice\/#primaryimage\",\"url\":\"https:\/\/azv.be\/wp-content\/uploads\/2023\/03\/nele-7-scaled.jpg\",\"contentUrl\":\"https:\/\/azv.be\/wp-content\/uploads\/2023\/03\/nele-7-scaled.jpg\",\"width\":2560,\"height\":1439},{\"@type\":\"BreadcrumbList\",\"@id\":\"https:\/\/azv.be\/fr\/actualite\/nele-ambassadrice\/#breadcrumb\",\"itemListElement\":[{\"@type\":\"ListItem\",\"position\":1,\"name\":\"Home\",\"item\":\"https:\/\/azv.be\/fr\/\"},{\"@type\":\"ListItem\",\"position\":2,\"name\":\"Nele Vangheluwe: ambassadrice de c\u0153ur et d&rsquo;\u00e2me\"}]},{\"@type\":\"WebSite\",\"@id\":\"https:\/\/azv.be\/#website\",\"url\":\"https:\/\/azv.be\/\",\"name\":\"Artsen Zonder Vakantie\",\"description\":\"\",\"publisher\":{\"@id\":\"https:\/\/azv.be\/#organization\"},\"potentialAction\":[{\"@type\":\"SearchAction\",\"target\":{\"@type\":\"EntryPoint\",\"urlTemplate\":\"https:\/\/azv.be\/?s={search_term_string}\"},\"query-input\":{\"@type\":\"PropertyValueSpecification\",\"valueRequired\":true,\"valueName\":\"search_term_string\"}}],\"inLanguage\":\"fr-FR\"},{\"@type\":\"Organization\",\"@id\":\"https:\/\/azv.be\/#organization\",\"name\":\"Artsen Zonder Vakantie\",\"url\":\"https:\/\/azv.be\/\",\"logo\":{\"@type\":\"ImageObject\",\"inLanguage\":\"fr-FR\",\"@id\":\"https:\/\/azv.be\/#\/schema\/logo\/image\/\",\"url\":\"https:\/\/azv.be\/wp-content\/uploads\/2022\/06\/azv-logo.svg\",\"contentUrl\":\"https:\/\/azv.be\/wp-content\/uploads\/2022\/06\/azv-logo.svg\",\"width\":1,\"height\":1,\"caption\":\"Artsen Zonder Vakantie\"},\"image\":{\"@id\":\"https:\/\/azv.be\/#\/schema\/logo\/image\/\"},\"sameAs\":[\"https:\/\/www.facebook.com\/ArtsenZonderVakantie\/?locale=nl_NL\",\"https:\/\/x.com\/AZV_tweets\",\"https:\/\/www.linkedin.com\/company\/artsen-zonder-vakantie\/?originalSubdomain=be\"]},{\"@type\":\"Person\",\"@id\":\"https:\/\/azv.be\/#\/schema\/person\/88e951bd2b7dca9bd075460868657254\",\"name\":\"Alexandra Guillot\",\"image\":{\"@type\":\"ImageObject\",\"inLanguage\":\"fr-FR\",\"@id\":\"https:\/\/azv.be\/#\/schema\/person\/image\/\",\"url\":\"https:\/\/secure.gravatar.com\/avatar\/ea4ba311b1487ac7a800bff124e0cde4c8184c3e9ad19bb4faed26c5d2fa2529?s=96&d=mm&r=g\",\"contentUrl\":\"https:\/\/secure.gravatar.com\/avatar\/ea4ba311b1487ac7a800bff124e0cde4c8184c3e9ad19bb4faed26c5d2fa2529?s=96&d=mm&r=g\",\"caption\":\"Alexandra Guillot\"},\"url\":\"https:\/\/azv.be\/fr\/author\/alexandra\/\"}]}<\/script>\n<!-- \/ Yoast SEO plugin. -->","yoast_head_json":{"title":"Nele Vangheluwe: ambassadrice de c\u0153ur et d'\u00e2me - Artsen Zonder Vakantie","robots":{"index":"index","follow":"follow","max-snippet":"max-snippet:-1","max-image-preview":"max-image-preview:large","max-video-preview":"max-video-preview:-1"},"canonical":"https:\/\/azv.be\/fr\/actualite\/nele-ambassadrice\/","og_locale":"fr_FR","og_type":"article","og_title":"Nele Vangheluwe: ambassadrice de c\u0153ur et d'\u00e2me - Artsen Zonder Vakantie","og_description":"L'experte-volontaire Nele Vangheluwe est m\u00e9decin urgentiste \u00e0 l'h\u00f4pital Saint-Vincent de Deinze et \u00e0 l'h\u00f4pital Henri Serums d'Ostende. Elle a un grand c\u0153ur pour les personnes vuln\u00e9rables. C'est pourquoi elle est volontaire pour M\u00e9decins Sans Vacances depuis 19 ans.","og_url":"https:\/\/azv.be\/fr\/actualite\/nele-ambassadrice\/","og_site_name":"Artsen Zonder Vakantie","article_publisher":"https:\/\/www.facebook.com\/ArtsenZonderVakantie\/?locale=nl_NL","article_published_time":"2023-03-15T10:33:47+00:00","article_modified_time":"2024-04-04T11:09:29+00:00","og_image":[{"width":2560,"height":1439,"url":"https:\/\/azv.be\/wp-content\/uploads\/2023\/03\/nele-7-scaled.jpg","type":"image\/jpeg"}],"author":"Alexandra Guillot","twitter_card":"summary_large_image","twitter_creator":"@AZV_tweets","twitter_site":"@AZV_tweets","twitter_misc":{"\u00c9crit par":"Alexandra Guillot"},"schema":{"@context":"https:\/\/schema.org","@graph":[{"@type":"Article","@id":"https:\/\/azv.be\/fr\/actualite\/nele-ambassadrice\/#article","isPartOf":{"@id":"https:\/\/azv.be\/fr\/actualite\/nele-ambassadrice\/"},"author":{"name":"Alexandra Guillot","@id":"https:\/\/azv.be\/#\/schema\/person\/88e951bd2b7dca9bd075460868657254"},"headline":"Nele Vangheluwe: ambassadrice de c\u0153ur et d&rsquo;\u00e2me","datePublished":"2023-03-15T10:33:47+00:00","dateModified":"2024-04-04T11:09:29+00:00","mainEntityOfPage":{"@id":"https:\/\/azv.be\/fr\/actualite\/nele-ambassadrice\/"},"wordCount":75,"commentCount":0,"publisher":{"@id":"https:\/\/azv.be\/#organization"},"image":{"@id":"https:\/\/azv.be\/fr\/actualite\/nele-ambassadrice\/#primaryimage"},"thumbnailUrl":"https:\/\/azv.be\/wp-content\/uploads\/2023\/03\/nele-7-scaled.jpg","keywords":["Afrique centrale","Belgi\u00eb","Belgique","Centraal Afrika","DR Congo Oost","DR Congo West","RD Congo Est","RD Congo Ouest"],"articleSection":["Actualit\u00e9"],"inLanguage":"fr-FR","potentialAction":[{"@type":"CommentAction","name":"Comment","target":["https:\/\/azv.be\/fr\/actualite\/nele-ambassadrice\/#respond"]}]},{"@type":"WebPage","@id":"https:\/\/azv.be\/fr\/actualite\/nele-ambassadrice\/","url":"https:\/\/azv.be\/fr\/actualite\/nele-ambassadrice\/","name":"Nele Vangheluwe: ambassadrice de c\u0153ur et d'\u00e2me - Artsen Zonder Vakantie","isPartOf":{"@id":"https:\/\/azv.be\/#website"},"primaryImageOfPage":{"@id":"https:\/\/azv.be\/fr\/actualite\/nele-ambassadrice\/#primaryimage"},"image":{"@id":"https:\/\/azv.be\/fr\/actualite\/nele-ambassadrice\/#primaryimage"},"thumbnailUrl":"https:\/\/azv.be\/wp-content\/uploads\/2023\/03\/nele-7-scaled.jpg","datePublished":"2023-03-15T10:33:47+00:00","dateModified":"2024-04-04T11:09:29+00:00","breadcrumb":{"@id":"https:\/\/azv.be\/fr\/actualite\/nele-ambassadrice\/#breadcrumb"},"inLanguage":"fr-FR","potentialAction":[{"@type":"ReadAction","target":["https:\/\/azv.be\/fr\/actualite\/nele-ambassadrice\/"]}]},{"@type":"ImageObject","inLanguage":"fr-FR","@id":"https:\/\/azv.be\/fr\/actualite\/nele-ambassadrice\/#primaryimage","url":"https:\/\/azv.be\/wp-content\/uploads\/2023\/03\/nele-7-scaled.jpg","contentUrl":"https:\/\/azv.be\/wp-content\/uploads\/2023\/03\/nele-7-scaled.jpg","width":2560,"height":1439},{"@type":"BreadcrumbList","@id":"https:\/\/azv.be\/fr\/actualite\/nele-ambassadrice\/#breadcrumb","itemListElement":[{"@type":"ListItem","position":1,"name":"Home","item":"https:\/\/azv.be\/fr\/"},{"@type":"ListItem","position":2,"name":"Nele Vangheluwe: ambassadrice de c\u0153ur et d&rsquo;\u00e2me"}]},{"@type":"WebSite","@id":"https:\/\/azv.be\/#website","url":"https:\/\/azv.be\/","name":"Artsen Zonder Vakantie","description":"","publisher":{"@id":"https:\/\/azv.be\/#organization"},"potentialAction":[{"@type":"SearchAction","target":{"@type":"EntryPoint","urlTemplate":"https:\/\/azv.be\/?s={search_term_string}"},"query-input":{"@type":"PropertyValueSpecification","valueRequired":true,"valueName":"search_term_string"}}],"inLanguage":"fr-FR"},{"@type":"Organization","@id":"https:\/\/azv.be\/#organization","name":"Artsen Zonder Vakantie","url":"https:\/\/azv.be\/","logo":{"@type":"ImageObject","inLanguage":"fr-FR","@id":"https:\/\/azv.be\/#\/schema\/logo\/image\/","url":"https:\/\/azv.be\/wp-content\/uploads\/2022\/06\/azv-logo.svg","contentUrl":"https:\/\/azv.be\/wp-content\/uploads\/2022\/06\/azv-logo.svg","width":1,"height":1,"caption":"Artsen Zonder Vakantie"},"image":{"@id":"https:\/\/azv.be\/#\/schema\/logo\/image\/"},"sameAs":["https:\/\/www.facebook.com\/ArtsenZonderVakantie\/?locale=nl_NL","https:\/\/x.com\/AZV_tweets","https:\/\/www.linkedin.com\/company\/artsen-zonder-vakantie\/?originalSubdomain=be"]},{"@type":"Person","@id":"https:\/\/azv.be\/#\/schema\/person\/88e951bd2b7dca9bd075460868657254","name":"Alexandra Guillot","image":{"@type":"ImageObject","inLanguage":"fr-FR","@id":"https:\/\/azv.be\/#\/schema\/person\/image\/","url":"https:\/\/secure.gravatar.com\/avatar\/ea4ba311b1487ac7a800bff124e0cde4c8184c3e9ad19bb4faed26c5d2fa2529?s=96&d=mm&r=g","contentUrl":"https:\/\/secure.gravatar.com\/avatar\/ea4ba311b1487ac7a800bff124e0cde4c8184c3e9ad19bb4faed26c5d2fa2529?s=96&d=mm&r=g","caption":"Alexandra Guillot"},"url":"https:\/\/azv.be\/fr\/author\/alexandra\/"}]}},"_links":{"self":[{"href":"https:\/\/azv.be\/fr\/wp-json\/wp\/v2\/posts\/11985","targetHints":{"allow":["GET"]}}],"collection":[{"href":"https:\/\/azv.be\/fr\/wp-json\/wp\/v2\/posts"}],"about":[{"href":"https:\/\/azv.be\/fr\/wp-json\/wp\/v2\/types\/post"}],"author":[{"embeddable":true,"href":"https:\/\/azv.be\/fr\/wp-json\/wp\/v2\/users\/3"}],"replies":[{"embeddable":true,"href":"https:\/\/azv.be\/fr\/wp-json\/wp\/v2\/comments?post=11985"}],"version-history":[{"count":8,"href":"https:\/\/azv.be\/fr\/wp-json\/wp\/v2\/posts\/11985\/revisions"}],"predecessor-version":[{"id":14442,"href":"https:\/\/azv.be\/fr\/wp-json\/wp\/v2\/posts\/11985\/revisions\/14442"}],"wp:featuredmedia":[{"embeddable":true,"href":"https:\/\/azv.be\/fr\/wp-json\/wp\/v2\/media\/11856"}],"wp:attachment":[{"href":"https:\/\/azv.be\/fr\/wp-json\/wp\/v2\/media?parent=11985"}],"wp:term":[{"taxonomy":"category","embeddable":true,"href":"https:\/\/azv.be\/fr\/wp-json\/wp\/v2\/categories?post=11985"},{"taxonomy":"post_tag","embeddable":true,"href":"https:\/\/azv.be\/fr\/wp-json\/wp\/v2\/tags?post=11985"}],"curies":[{"name":"wp","href":"https:\/\/api.w.org\/{rel}","templated":true}]}}